{"id":471,"date":"2026-01-25T12:20:30","date_gmt":"2026-01-25T12:20:30","guid":{"rendered":"https:\/\/cuecgalvez.com.ar\/blog\/?p=471"},"modified":"2026-01-25T12:20:32","modified_gmt":"2026-01-25T12:20:32","slug":"horarios-de-atencion-y-vias-de-contacto-cuec-galvez","status":"publish","type":"post","link":"https:\/\/cuecgalvez.com.ar\/blog\/horarios-de-atencion-y-vias-de-contacto-cuec-galvez\/","title":{"rendered":"Horarios de Atenci\u00f3n y V\u00edas de Contacto: CUEC G\u00e1lvez"},"content":{"rendered":"\n<p>En el <strong>Centro Uni\u00f3n Empleados de Comercio de G\u00e1lvez<\/strong>, nuestra prioridad es estar cerca de cada afiliado para brindarles el asesoramiento y los beneficios que se merecen. Si necesit\u00e1s realizar tr\u00e1mites, consultas gremiales o conocer m\u00e1s sobre nuestros servicios, te recordamos nuestros horarios y canales de comunicaci\u00f3n oficiales.<\/p>\n\n\n\n<h2 class=\"wp-block-heading\">\ud83d\udd52 Horarios de Atenci\u00f3n<\/h2>\n\n\n\n<p>Para una mejor organizaci\u00f3n de tus tr\u00e1mites, te esperamos en nuestra sede en el siguiente horario:<\/p>\n\n\n\n<ul class=\"wp-block-list\">\n<li><strong>Lunes a Viernes:<\/strong> de 7:00 a 15:00 hs.<\/li>\n<\/ul>\n\n\n\n<hr class=\"wp-block-separator has-alpha-channel-opacity\"\/>\n\n\n\n<h2 class=\"wp-block-heading\">\ud83d\udccd \u00bfD\u00f3nde estamos?<\/h2>\n\n\n\n<p>Pod\u00e9s visitarnos personalmente en nuestra oficina central:<\/p>\n\n\n\n<ul class=\"wp-block-list\">\n<li><strong>Direcci\u00f3n:<\/strong> Dorrego 638, G\u00e1lvez, Santa Fe.<\/li>\n<\/ul>\n\n\n\n<hr class=\"wp-block-separator has-alpha-channel-opacity\"\/>\n\n\n\n<h2 class=\"wp-block-heading\">\ud83d\udcde Canales de Comunicaci\u00f3n<\/h2>\n\n\n\n<p>Si no pod\u00e9s acercarte, record\u00e1 que tenemos canales digitales y telef\u00f3nicos habilitados para responder tus dudas de manera \u00e1gil:<\/p>\n\n\n\n<ul class=\"wp-block-list\">\n<li><strong>WhatsApp:<\/strong> <a href=\"https:\/\/www.google.com\/search?q=https:\/\/wa.me\/5493404645240\" target=\"_blank\" rel=\"noreferrer noopener\">3404645240<\/a>.<\/li>\n\n\n\n<li><strong>Tel\u00e9fonos fijos:<\/strong> (03404) 517500 \/ 432673.<\/li>\n<\/ul>\n\n\n\n<hr class=\"wp-block-separator has-alpha-channel-opacity\"\/>\n\n\n\n<h3 class=\"wp-block-heading\">Gesti\u00f3n y Compromiso<\/h3>\n\n\n\n<p>Bajo la conducci\u00f3n de nuestro Secretario General, <strong>Jorge Durante<\/strong>, y la <strong>Comisi\u00f3n Directiva<\/strong>, trabajamos diariamente para fortalecer los derechos de los empleados de comercio de nuestra ciudad.<\/p>\n\n\n\n<p><strong>\u00a1Te esperamos!<\/strong><\/p>\n","protected":false},"excerpt":{"rendered":"<p>En el Centro Uni\u00f3n Empleados de Comercio de G\u00e1lvez, nuestra prioridad es estar cerca de cada afiliado para brindarles el asesoramiento y los beneficios que se merecen. Si necesit\u00e1s realizar tr\u00e1mites, consultas gremiales o conocer m\u00e1s sobre nuestros servicios, te recordamos nuestros horarios y canales de comunicaci\u00f3n oficiales. \ud83d\udd52 Horarios de Atenci\u00f3n Para una mejor [&hellip;]<\/p>\n","protected":false},"author":2,"featured_media":472,"comment_status":"open","ping_status":"open","sticky":false,"template":"","format":"standard","meta":{"footnotes":""},"categories":[15],"tags":[],"class_list":["post-471","post","type-post","status-publish","format-standard","has-post-thumbnail","hentry","category-lateral-izquierdo-banner"],"yoast_head":"<!-- This site is optimized with the Yoast SEO plugin v26.3 - https:\/\/yoast.com\/wordpress\/plugins\/seo\/ -->\n<title>Horarios de Atenci\u00f3n y V\u00edas de Contacto: CUEC G\u00e1lvez - CUEC G\u00c1LVEZ<\/title>\n<meta name=\"robots\" content=\"index, follow, max-snippet:-1, max-image-preview:large, max-video-preview:-1\" \/>\n<link rel=\"canonical\" href=\"https:\/\/cuecgalvez.com.ar\/blog\/horarios-de-atencion-y-vias-de-contacto-cuec-galvez\/\" \/>\n<meta property=\"og:locale\" content=\"es_ES\" \/>\n<meta property=\"og:type\" content=\"article\" \/>\n<meta property=\"og:title\" content=\"Horarios de Atenci\u00f3n y V\u00edas de Contacto: CUEC G\u00e1lvez - CUEC G\u00c1LVEZ\" \/>\n<meta property=\"og:description\" content=\"En el Centro Uni\u00f3n Empleados de Comercio de G\u00e1lvez, nuestra prioridad es estar cerca de cada afiliado para brindarles el asesoramiento y los beneficios que se merecen. Si necesit\u00e1s realizar tr\u00e1mites, consultas gremiales o conocer m\u00e1s sobre nuestros servicios, te recordamos nuestros horarios y canales de comunicaci\u00f3n oficiales. \ud83d\udd52 Horarios de Atenci\u00f3n Para una mejor [&hellip;]\" \/>\n<meta property=\"og:url\" content=\"https:\/\/cuecgalvez.com.ar\/blog\/horarios-de-atencion-y-vias-de-contacto-cuec-galvez\/\" \/>\n<meta property=\"og:site_name\" content=\"CUEC G\u00c1LVEZ\" \/>\n<meta property=\"article:published_time\" content=\"2026-01-25T12:20:30+00:00\" \/>\n<meta property=\"article:modified_time\" content=\"2026-01-25T12:20:32+00:00\" \/>\n<meta property=\"og:image\" content=\"https:\/\/cuecgalvez.com.ar\/blog\/wp-content\/uploads\/2026\/01\/Horarios-CUEC-GALVEZ.jpg\" \/>\n\t<meta property=\"og:image:width\" content=\"1080\" \/>\n\t<meta property=\"og:image:height\" content=\"1350\" \/>\n\t<meta property=\"og:image:type\" content=\"image\/jpeg\" \/>\n<meta name=\"author\" content=\"il000828\" \/>\n<meta name=\"twitter:card\" content=\"summary_large_image\" \/>\n<meta name=\"twitter:label1\" content=\"Escrito por\" \/>\n\t<meta name=\"twitter:data1\" content=\"il000828\" \/>\n\t<meta name=\"twitter:label2\" content=\"Tiempo de lectura\" \/>\n\t<meta name=\"twitter:data2\" content=\"1 minuto\" \/>\n<script type=\"application\/ld+json\" class=\"yoast-schema-graph\">{\"@context\":\"https:\/\/schema.org\",\"@graph\":[{\"@type\":\"Article\",\"@id\":\"https:\/\/cuecgalvez.com.ar\/blog\/horarios-de-atencion-y-vias-de-contacto-cuec-galvez\/#article\",\"isPartOf\":{\"@id\":\"https:\/\/cuecgalvez.com.ar\/blog\/horarios-de-atencion-y-vias-de-contacto-cuec-galvez\/\"},\"author\":{\"name\":\"il000828\",\"@id\":\"https:\/\/cuecgalvez.com.ar\/blog\/#\/schema\/person\/320b3c029c69c42a38145e371d0e9723\"},\"headline\":\"Horarios de Atenci\u00f3n y V\u00edas de Contacto: CUEC G\u00e1lvez\",\"datePublished\":\"2026-01-25T12:20:30+00:00\",\"dateModified\":\"2026-01-25T12:20:32+00:00\",\"mainEntityOfPage\":{\"@id\":\"https:\/\/cuecgalvez.com.ar\/blog\/horarios-de-atencion-y-vias-de-contacto-cuec-galvez\/\"},\"wordCount\":176,\"commentCount\":0,\"publisher\":{\"@id\":\"https:\/\/cuecgalvez.com.ar\/blog\/#organization\"},\"image\":{\"@id\":\"https:\/\/cuecgalvez.com.ar\/blog\/horarios-de-atencion-y-vias-de-contacto-cuec-galvez\/#primaryimage\"},\"thumbnailUrl\":\"https:\/\/cuecgalvez.com.ar\/blog\/wp-content\/uploads\/2026\/01\/Horarios-CUEC-GALVEZ.jpg\",\"articleSection\":[\"Lateral Izquierdo Banner\"],\"inLanguage\":\"es\",\"potentialAction\":[{\"@type\":\"CommentAction\",\"name\":\"Comment\",\"target\":[\"https:\/\/cuecgalvez.com.ar\/blog\/horarios-de-atencion-y-vias-de-contacto-cuec-galvez\/#respond\"]}]},{\"@type\":\"WebPage\",\"@id\":\"https:\/\/cuecgalvez.com.ar\/blog\/horarios-de-atencion-y-vias-de-contacto-cuec-galvez\/\",\"url\":\"https:\/\/cuecgalvez.com.ar\/blog\/horarios-de-atencion-y-vias-de-contacto-cuec-galvez\/\",\"name\":\"Horarios de Atenci\u00f3n y V\u00edas de Contacto: CUEC G\u00e1lvez - CUEC G\u00c1LVEZ\",\"isPartOf\":{\"@id\":\"https:\/\/cuecgalvez.com.ar\/blog\/#website\"},\"primaryImageOfPage\":{\"@id\":\"https:\/\/cuecgalvez.com.ar\/blog\/horarios-de-atencion-y-vias-de-contacto-cuec-galvez\/#primaryimage\"},\"image\":{\"@id\":\"https:\/\/cuecgalvez.com.ar\/blog\/horarios-de-atencion-y-vias-de-contacto-cuec-galvez\/#primaryimage\"},\"thumbnailUrl\":\"https:\/\/cuecgalvez.com.ar\/blog\/wp-content\/uploads\/2026\/01\/Horarios-CUEC-GALVEZ.jpg\",\"datePublished\":\"2026-01-25T12:20:30+00:00\",\"dateModified\":\"2026-01-25T12:20:32+00:00\",\"breadcrumb\":{\"@id\":\"https:\/\/cuecgalvez.com.ar\/blog\/horarios-de-atencion-y-vias-de-contacto-cuec-galvez\/#breadcrumb\"},\"inLanguage\":\"es\",\"potentialAction\":[{\"@type\":\"ReadAction\",\"target\":[\"https:\/\/cuecgalvez.com.ar\/blog\/horarios-de-atencion-y-vias-de-contacto-cuec-galvez\/\"]}]},{\"@type\":\"ImageObject\",\"inLanguage\":\"es\",\"@id\":\"https:\/\/cuecgalvez.com.ar\/blog\/horarios-de-atencion-y-vias-de-contacto-cuec-galvez\/#primaryimage\",\"url\":\"https:\/\/cuecgalvez.com.ar\/blog\/wp-content\/uploads\/2026\/01\/Horarios-CUEC-GALVEZ.jpg\",\"contentUrl\":\"https:\/\/cuecgalvez.com.ar\/blog\/wp-content\/uploads\/2026\/01\/Horarios-CUEC-GALVEZ.jpg\",\"width\":1080,\"height\":1350},{\"@type\":\"BreadcrumbList\",\"@id\":\"https:\/\/cuecgalvez.com.ar\/blog\/horarios-de-atencion-y-vias-de-contacto-cuec-galvez\/#breadcrumb\",\"itemListElement\":[{\"@type\":\"ListItem\",\"position\":1,\"name\":\"Portada\",\"item\":\"https:\/\/cuecgalvez.com.ar\/blog\/\"},{\"@type\":\"ListItem\",\"position\":2,\"name\":\"Horarios de Atenci\u00f3n y V\u00edas de Contacto: CUEC G\u00e1lvez\"}]},{\"@type\":\"WebSite\",\"@id\":\"https:\/\/cuecgalvez.com.ar\/blog\/#website\",\"url\":\"https:\/\/cuecgalvez.com.ar\/blog\/\",\"name\":\"CUEC G\u00e1lvez\",\"description\":\"Centro Uni\u00f3n Empleados de Comercio\",\"publisher\":{\"@id\":\"https:\/\/cuecgalvez.com.ar\/blog\/#organization\"},\"potentialAction\":[{\"@type\":\"SearchAction\",\"target\":{\"@type\":\"EntryPoint\",\"urlTemplate\":\"https:\/\/cuecgalvez.com.ar\/blog\/?s={search_term_string}\"},\"query-input\":{\"@type\":\"PropertyValueSpecification\",\"valueRequired\":true,\"valueName\":\"search_term_string\"}}],\"inLanguage\":\"es\"},{\"@type\":\"Organization\",\"@id\":\"https:\/\/cuecgalvez.com.ar\/blog\/#organization\",\"name\":\"Centro de Empleados de Comercio G\u00e1lvez\",\"url\":\"https:\/\/cuecgalvez.com.ar\/blog\/\",\"logo\":{\"@type\":\"ImageObject\",\"inLanguage\":\"es\",\"@id\":\"https:\/\/cuecgalvez.com.ar\/blog\/#\/schema\/logo\/image\/\",\"url\":\"https:\/\/cuecgalvez.com.ar\/blog\/wp-content\/uploads\/2025\/09\/centro-union-empleados-de-comercio.jpg\",\"contentUrl\":\"https:\/\/cuecgalvez.com.ar\/blog\/wp-content\/uploads\/2025\/09\/centro-union-empleados-de-comercio.jpg\",\"width\":900,\"height\":537,\"caption\":\"Centro de Empleados de Comercio G\u00e1lvez\"},\"image\":{\"@id\":\"https:\/\/cuecgalvez.com.ar\/blog\/#\/schema\/logo\/image\/\"}},{\"@type\":\"Person\",\"@id\":\"https:\/\/cuecgalvez.com.ar\/blog\/#\/schema\/person\/320b3c029c69c42a38145e371d0e9723\",\"name\":\"il000828\",\"image\":{\"@type\":\"ImageObject\",\"inLanguage\":\"es\",\"@id\":\"https:\/\/cuecgalvez.com.ar\/blog\/#\/schema\/person\/image\/\",\"url\":\"https:\/\/secure.gravatar.com\/avatar\/43eabbf6006f3face6eb2d04c4776635c0be321261ca5ece553264107bed4524?s=96&d=mm&r=g\",\"contentUrl\":\"https:\/\/secure.gravatar.com\/avatar\/43eabbf6006f3face6eb2d04c4776635c0be321261ca5ece553264107bed4524?s=96&d=mm&r=g\",\"caption\":\"il000828\"},\"url\":\"https:\/\/cuecgalvez.com.ar\/blog\/author\/il000828\/\"}]}<\/script>\n<!-- \/ Yoast SEO plugin. -->","yoast_head_json":{"title":"Horarios de Atenci\u00f3n y V\u00edas de Contacto: CUEC G\u00e1lvez - CUEC G\u00c1LVEZ","robots":{"index":"index","follow":"follow","max-snippet":"max-snippet:-1","max-image-preview":"max-image-preview:large","max-video-preview":"max-video-preview:-1"},"canonical":"https:\/\/cuecgalvez.com.ar\/blog\/horarios-de-atencion-y-vias-de-contacto-cuec-galvez\/","og_locale":"es_ES","og_type":"article","og_title":"Horarios de Atenci\u00f3n y V\u00edas de Contacto: CUEC G\u00e1lvez - CUEC G\u00c1LVEZ","og_description":"En el Centro Uni\u00f3n Empleados de Comercio de G\u00e1lvez, nuestra prioridad es estar cerca de cada afiliado para brindarles el asesoramiento y los beneficios que se merecen. Si necesit\u00e1s realizar tr\u00e1mites, consultas gremiales o conocer m\u00e1s sobre nuestros servicios, te recordamos nuestros horarios y canales de comunicaci\u00f3n oficiales. \ud83d\udd52 Horarios de Atenci\u00f3n Para una mejor [&hellip;]","og_url":"https:\/\/cuecgalvez.com.ar\/blog\/horarios-de-atencion-y-vias-de-contacto-cuec-galvez\/","og_site_name":"CUEC G\u00c1LVEZ","article_published_time":"2026-01-25T12:20:30+00:00","article_modified_time":"2026-01-25T12:20:32+00:00","og_image":[{"width":1080,"height":1350,"url":"https:\/\/cuecgalvez.com.ar\/blog\/wp-content\/uploads\/2026\/01\/Horarios-CUEC-GALVEZ.jpg","type":"image\/jpeg"}],"author":"il000828","twitter_card":"summary_large_image","twitter_misc":{"Escrito por":"il000828","Tiempo de lectura":"1 minuto"},"schema":{"@context":"https:\/\/schema.org","@graph":[{"@type":"Article","@id":"https:\/\/cuecgalvez.com.ar\/blog\/horarios-de-atencion-y-vias-de-contacto-cuec-galvez\/#article","isPartOf":{"@id":"https:\/\/cuecgalvez.com.ar\/blog\/horarios-de-atencion-y-vias-de-contacto-cuec-galvez\/"},"author":{"name":"il000828","@id":"https:\/\/cuecgalvez.com.ar\/blog\/#\/schema\/person\/320b3c029c69c42a38145e371d0e9723"},"headline":"Horarios de Atenci\u00f3n y V\u00edas de Contacto: CUEC G\u00e1lvez","datePublished":"2026-01-25T12:20:30+00:00","dateModified":"2026-01-25T12:20:32+00:00","mainEntityOfPage":{"@id":"https:\/\/cuecgalvez.com.ar\/blog\/horarios-de-atencion-y-vias-de-contacto-cuec-galvez\/"},"wordCount":176,"commentCount":0,"publisher":{"@id":"https:\/\/cuecgalvez.com.ar\/blog\/#organization"},"image":{"@id":"https:\/\/cuecgalvez.com.ar\/blog\/horarios-de-atencion-y-vias-de-contacto-cuec-galvez\/#primaryimage"},"thumbnailUrl":"https:\/\/cuecgalvez.com.ar\/blog\/wp-content\/uploads\/2026\/01\/Horarios-CUEC-GALVEZ.jpg","articleSection":["Lateral Izquierdo Banner"],"inLanguage":"es","potentialAction":[{"@type":"CommentAction","name":"Comment","target":["https:\/\/cuecgalvez.com.ar\/blog\/horarios-de-atencion-y-vias-de-contacto-cuec-galvez\/#respond"]}]},{"@type":"WebPage","@id":"https:\/\/cuecgalvez.com.ar\/blog\/horarios-de-atencion-y-vias-de-contacto-cuec-galvez\/","url":"https:\/\/cuecgalvez.com.ar\/blog\/horarios-de-atencion-y-vias-de-contacto-cuec-galvez\/","name":"Horarios de Atenci\u00f3n y V\u00edas de Contacto: CUEC G\u00e1lvez - CUEC G\u00c1LVEZ","isPartOf":{"@id":"https:\/\/cuecgalvez.com.ar\/blog\/#website"},"primaryImageOfPage":{"@id":"https:\/\/cuecgalvez.com.ar\/blog\/horarios-de-atencion-y-vias-de-contacto-cuec-galvez\/#primaryimage"},"image":{"@id":"https:\/\/cuecgalvez.com.ar\/blog\/horarios-de-atencion-y-vias-de-contacto-cuec-galvez\/#primaryimage"},"thumbnailUrl":"https:\/\/cuecgalvez.com.ar\/blog\/wp-content\/uploads\/2026\/01\/Horarios-CUEC-GALVEZ.jpg","datePublished":"2026-01-25T12:20:30+00:00","dateModified":"2026-01-25T12:20:32+00:00","breadcrumb":{"@id":"https:\/\/cuecgalvez.com.ar\/blog\/horarios-de-atencion-y-vias-de-contacto-cuec-galvez\/#breadcrumb"},"inLanguage":"es","potentialAction":[{"@type":"ReadAction","target":["https:\/\/cuecgalvez.com.ar\/blog\/horarios-de-atencion-y-vias-de-contacto-cuec-galvez\/"]}]},{"@type":"ImageObject","inLanguage":"es","@id":"https:\/\/cuecgalvez.com.ar\/blog\/horarios-de-atencion-y-vias-de-contacto-cuec-galvez\/#primaryimage","url":"https:\/\/cuecgalvez.com.ar\/blog\/wp-content\/uploads\/2026\/01\/Horarios-CUEC-GALVEZ.jpg","contentUrl":"https:\/\/cuecgalvez.com.ar\/blog\/wp-content\/uploads\/2026\/01\/Horarios-CUEC-GALVEZ.jpg","width":1080,"height":1350},{"@type":"BreadcrumbList","@id":"https:\/\/cuecgalvez.com.ar\/blog\/horarios-de-atencion-y-vias-de-contacto-cuec-galvez\/#breadcrumb","itemListElement":[{"@type":"ListItem","position":1,"name":"Portada","item":"https:\/\/cuecgalvez.com.ar\/blog\/"},{"@type":"ListItem","position":2,"name":"Horarios de Atenci\u00f3n y V\u00edas de Contacto: CUEC G\u00e1lvez"}]},{"@type":"WebSite","@id":"https:\/\/cuecgalvez.com.ar\/blog\/#website","url":"https:\/\/cuecgalvez.com.ar\/blog\/","name":"CUEC G\u00e1lvez","description":"Centro Uni\u00f3n Empleados de Comercio","publisher":{"@id":"https:\/\/cuecgalvez.com.ar\/blog\/#organization"},"potentialAction":[{"@type":"SearchAction","target":{"@type":"EntryPoint","urlTemplate":"https:\/\/cuecgalvez.com.ar\/blog\/?s={search_term_string}"},"query-input":{"@type":"PropertyValueSpecification","valueRequired":true,"valueName":"search_term_string"}}],"inLanguage":"es"},{"@type":"Organization","@id":"https:\/\/cuecgalvez.com.ar\/blog\/#organization","name":"Centro de Empleados de Comercio G\u00e1lvez","url":"https:\/\/cuecgalvez.com.ar\/blog\/","logo":{"@type":"ImageObject","inLanguage":"es","@id":"https:\/\/cuecgalvez.com.ar\/blog\/#\/schema\/logo\/image\/","url":"https:\/\/cuecgalvez.com.ar\/blog\/wp-content\/uploads\/2025\/09\/centro-union-empleados-de-comercio.jpg","contentUrl":"https:\/\/cuecgalvez.com.ar\/blog\/wp-content\/uploads\/2025\/09\/centro-union-empleados-de-comercio.jpg","width":900,"height":537,"caption":"Centro de Empleados de Comercio G\u00e1lvez"},"image":{"@id":"https:\/\/cuecgalvez.com.ar\/blog\/#\/schema\/logo\/image\/"}},{"@type":"Person","@id":"https:\/\/cuecgalvez.com.ar\/blog\/#\/schema\/person\/320b3c029c69c42a38145e371d0e9723","name":"il000828","image":{"@type":"ImageObject","inLanguage":"es","@id":"https:\/\/cuecgalvez.com.ar\/blog\/#\/schema\/person\/image\/","url":"https:\/\/secure.gravatar.com\/avatar\/43eabbf6006f3face6eb2d04c4776635c0be321261ca5ece553264107bed4524?s=96&d=mm&r=g","contentUrl":"https:\/\/secure.gravatar.com\/avatar\/43eabbf6006f3face6eb2d04c4776635c0be321261ca5ece553264107bed4524?s=96&d=mm&r=g","caption":"il000828"},"url":"https:\/\/cuecgalvez.com.ar\/blog\/author\/il000828\/"}]}},"_links":{"self":[{"href":"https:\/\/cuecgalvez.com.ar\/blog\/wp-json\/wp\/v2\/posts\/471","targetHints":{"allow":["GET"]}}],"collection":[{"href":"https:\/\/cuecgalvez.com.ar\/blog\/wp-json\/wp\/v2\/posts"}],"about":[{"href":"https:\/\/cuecgalvez.com.ar\/blog\/wp-json\/wp\/v2\/types\/post"}],"author":[{"embeddable":true,"href":"https:\/\/cuecgalvez.com.ar\/blog\/wp-json\/wp\/v2\/users\/2"}],"replies":[{"embeddable":true,"href":"https:\/\/cuecgalvez.com.ar\/blog\/wp-json\/wp\/v2\/comments?post=471"}],"version-history":[{"count":1,"href":"https:\/\/cuecgalvez.com.ar\/blog\/wp-json\/wp\/v2\/posts\/471\/revisions"}],"predecessor-version":[{"id":473,"href":"https:\/\/cuecgalvez.com.ar\/blog\/wp-json\/wp\/v2\/posts\/471\/revisions\/473"}],"wp:featuredmedia":[{"embeddable":true,"href":"https:\/\/cuecgalvez.com.ar\/blog\/wp-json\/wp\/v2\/media\/472"}],"wp:attachment":[{"href":"https:\/\/cuecgalvez.com.ar\/blog\/wp-json\/wp\/v2\/media?parent=471"}],"wp:term":[{"taxonomy":"category","embeddable":true,"href":"https:\/\/cuecgalvez.com.ar\/blog\/wp-json\/wp\/v2\/categories?post=471"},{"taxonomy":"post_tag","embeddable":true,"href":"https:\/\/cuecgalvez.com.ar\/blog\/wp-json\/wp\/v2\/tags?post=471"}],"curies":[{"name":"wp","href":"https:\/\/api.w.org\/{rel}","templated":true}]}}